{"id":11038,"date":"2025-04-14T10:38:51","date_gmt":"2025-04-14T08:38:51","guid":{"rendered":"https:\/\/st-feuillien.com\/900-ans-de-labbaye-saint-feuillien\/"},"modified":"2025-04-16T14:58:09","modified_gmt":"2025-04-16T12:58:09","slug":"900-ans-abdij-saint-feuillien","status":"publish","type":"post","link":"https:\/\/st-feuillien.com\/nl\/900-ans-abdij-saint-feuillien\/","title":{"rendered":"900 jaar Abdij Saint-Feuillien: een historisch feest in het hart van Le Roeulx"},"content":{"rendered":"","protected":false},"excerpt":{"rendered":"","protected":false},"author":2,"featured_media":11031,"comment_status":"closed","ping_status":"closed","sticky":false,"template":"","format":"standard","meta":{"_acf_changed":false,"inline_featured_image":false,"footnotes":""},"categories":[97],"tags":[],"class_list":["post-11038","post","type-post","status-publish","format-standard","has-post-thumbnail","hentry","category-evenement-nl"],"acf":[],"yoast_head":"<!-- This site is optimized with the Yoast SEO plugin v26.9 - https:\/\/yoast.com\/product\/yoast-seo-wordpress\/ -->\n<title>900 jaar Abdij Saint-Feuillien: een historisch feest in het hart van Le Roeulx - Brasserie St-Feuillien<\/title>\n<meta name=\"description\" content=\"In 2025 viert Brasserie St-Feuillien de 900ste verjaardag van de Abdij van Saint-Feuillien, een emblematische plek die sinds haar oprichting in 1125 een belangrijke rol speelt in de religieuze, culturele en historische ontwikkeling van Le Roeulx. Dit unieke jubileum wordt het hele jaar door gevierd met een reeks evenementen en de lancering van een exclusieve jubileumbier.\" \/>\n<meta name=\"robots\" content=\"index, follow, max-snippet:-1, max-image-preview:large, max-video-preview:-1\" \/>\n<link rel=\"canonical\" href=\"https:\/\/st-feuillien.com\/nl\/900-ans-abdij-saint-feuillien\/\" \/>\n<meta property=\"og:locale\" content=\"nl_NL\" \/>\n<meta property=\"og:type\" content=\"article\" \/>\n<meta property=\"og:title\" content=\"900 jaar Abdij Saint-Feuillien: een historisch feest in het hart van Le Roeulx - Brasserie St-Feuillien\" \/>\n<meta property=\"og:description\" content=\"In 2025 viert Brasserie St-Feuillien de 900ste verjaardag van de Abdij van Saint-Feuillien, een emblematische plek die sinds haar oprichting in 1125 een belangrijke rol speelt in de religieuze, culturele en historische ontwikkeling van Le Roeulx. Dit unieke jubileum wordt het hele jaar door gevierd met een reeks evenementen en de lancering van een exclusieve jubileumbier.\" \/>\n<meta property=\"og:url\" content=\"https:\/\/st-feuillien.com\/nl\/900-ans-abdij-saint-feuillien\/\" \/>\n<meta property=\"og:site_name\" content=\"Brasserie St-Feuillien\" \/>\n<meta property=\"article:publisher\" content=\"https:\/\/www.facebook.com\/stfeuillien\" \/>\n<meta property=\"article:published_time\" content=\"2025-04-14T08:38:51+00:00\" \/>\n<meta property=\"article:modified_time\" content=\"2025-04-16T12:58:09+00:00\" \/>\n<meta property=\"og:image\" content=\"https:\/\/st-feuillien.com\/app\/uploads\/2025\/04\/FB-clifflucasphoto-20250329-109.jpg\" \/>\n\t<meta property=\"og:image:width\" content=\"1800\" \/>\n\t<meta property=\"og:image:height\" content=\"1200\" \/>\n\t<meta property=\"og:image:type\" content=\"image\/jpeg\" \/>\n<meta name=\"author\" content=\"Stephanie Poup\u00e9\" \/>\n<meta name=\"twitter:card\" content=\"summary_large_image\" \/>\n<meta name=\"twitter:label1\" content=\"Written by\" \/>\n\t<meta name=\"twitter:data1\" content=\"Stephanie Poup\u00e9\" \/>\n\t<meta name=\"twitter:label2\" content=\"Est. reading time\" \/>\n\t<meta name=\"twitter:data2\" content=\"4 minutes\" \/>\n<script type=\"application\/ld+json\" class=\"yoast-schema-graph\">{\"@context\":\"https:\/\/schema.org\",\"@graph\":[{\"@type\":\"Article\",\"@id\":\"https:\/\/st-feuillien.com\/nl\/900-ans-abdij-saint-feuillien\/#article\",\"isPartOf\":{\"@id\":\"https:\/\/st-feuillien.com\/nl\/900-ans-abdij-saint-feuillien\/\"},\"author\":{\"name\":\"Stephanie Poup\u00e9\",\"@id\":\"https:\/\/st-feuillien.com\/nl\/#\/schema\/person\/cb18678d9bd31ed1283b64ceccabe9c8\"},\"headline\":\"900 jaar Abdij Saint-Feuillien: een historisch feest in het hart van Le Roeulx\",\"datePublished\":\"2025-04-14T08:38:51+00:00\",\"dateModified\":\"2025-04-16T12:58:09+00:00\",\"mainEntityOfPage\":{\"@id\":\"https:\/\/st-feuillien.com\/nl\/900-ans-abdij-saint-feuillien\/\"},\"wordCount\":12,\"publisher\":{\"@id\":\"https:\/\/st-feuillien.com\/nl\/#organization\"},\"image\":{\"@id\":\"https:\/\/st-feuillien.com\/nl\/900-ans-abdij-saint-feuillien\/#primaryimage\"},\"thumbnailUrl\":\"https:\/\/st-feuillien.com\/app\/uploads\/2025\/04\/FB-clifflucasphoto-20250329-109.jpg\",\"articleSection\":[\"Evenement\"],\"inLanguage\":\"nl-NL\"},{\"@type\":\"WebPage\",\"@id\":\"https:\/\/st-feuillien.com\/nl\/900-ans-abdij-saint-feuillien\/\",\"url\":\"https:\/\/st-feuillien.com\/nl\/900-ans-abdij-saint-feuillien\/\",\"name\":\"900 jaar Abdij Saint-Feuillien: een historisch feest in het hart van Le Roeulx - Brasserie St-Feuillien\",\"isPartOf\":{\"@id\":\"https:\/\/st-feuillien.com\/nl\/#website\"},\"primaryImageOfPage\":{\"@id\":\"https:\/\/st-feuillien.com\/nl\/900-ans-abdij-saint-feuillien\/#primaryimage\"},\"image\":{\"@id\":\"https:\/\/st-feuillien.com\/nl\/900-ans-abdij-saint-feuillien\/#primaryimage\"},\"thumbnailUrl\":\"https:\/\/st-feuillien.com\/app\/uploads\/2025\/04\/FB-clifflucasphoto-20250329-109.jpg\",\"datePublished\":\"2025-04-14T08:38:51+00:00\",\"dateModified\":\"2025-04-16T12:58:09+00:00\",\"description\":\"In 2025 viert Brasserie St-Feuillien de 900ste verjaardag van de Abdij van Saint-Feuillien, een emblematische plek die sinds haar oprichting in 1125 een belangrijke rol speelt in de religieuze, culturele en historische ontwikkeling van Le Roeulx. Dit unieke jubileum wordt het hele jaar door gevierd met een reeks evenementen en de lancering van een exclusieve jubileumbier.\",\"breadcrumb\":{\"@id\":\"https:\/\/st-feuillien.com\/nl\/900-ans-abdij-saint-feuillien\/#breadcrumb\"},\"inLanguage\":\"nl-NL\",\"potentialAction\":[{\"@type\":\"ReadAction\",\"target\":[\"https:\/\/st-feuillien.com\/nl\/900-ans-abdij-saint-feuillien\/\"]}]},{\"@type\":\"ImageObject\",\"inLanguage\":\"nl-NL\",\"@id\":\"https:\/\/st-feuillien.com\/nl\/900-ans-abdij-saint-feuillien\/#primaryimage\",\"url\":\"https:\/\/st-feuillien.com\/app\/uploads\/2025\/04\/FB-clifflucasphoto-20250329-109.jpg\",\"contentUrl\":\"https:\/\/st-feuillien.com\/app\/uploads\/2025\/04\/FB-clifflucasphoto-20250329-109.jpg\",\"width\":1800,\"height\":1200},{\"@type\":\"BreadcrumbList\",\"@id\":\"https:\/\/st-feuillien.com\/nl\/900-ans-abdij-saint-feuillien\/#breadcrumb\",\"itemListElement\":[{\"@type\":\"ListItem\",\"position\":1,\"name\":\"\",\"item\":\"https:\/\/st-feuillien.com\/nl\/\"},{\"@type\":\"ListItem\",\"position\":2,\"name\":\"900 jaar Abdij Saint-Feuillien: een historisch feest in het hart van Le Roeulx\"}]},{\"@type\":\"WebSite\",\"@id\":\"https:\/\/st-feuillien.com\/nl\/#website\",\"url\":\"https:\/\/st-feuillien.com\/nl\/\",\"name\":\"Brasserie St-Feuillien\",\"description\":\"La Brasserie St. Feuillien est une brasserie belge au Roeulx, en Belgique, qui a \u00e9t\u00e9 fond\u00e9e en 1873. La brasserie, qui fabrique de la bi\u00e8re de style abbaye, a \u00e9t\u00e9 exploit\u00e9e par la famille Friart tout ce temps\",\"publisher\":{\"@id\":\"https:\/\/st-feuillien.com\/nl\/#organization\"},\"potentialAction\":[{\"@type\":\"SearchAction\",\"target\":{\"@type\":\"EntryPoint\",\"urlTemplate\":\"https:\/\/st-feuillien.com\/nl\/?s={search_term_string}\"},\"query-input\":{\"@type\":\"PropertyValueSpecification\",\"valueRequired\":true,\"valueName\":\"search_term_string\"}}],\"inLanguage\":\"nl-NL\"},{\"@type\":\"Organization\",\"@id\":\"https:\/\/st-feuillien.com\/nl\/#organization\",\"name\":\"St Feuillien\",\"url\":\"https:\/\/st-feuillien.com\/nl\/\",\"logo\":{\"@type\":\"ImageObject\",\"inLanguage\":\"nl-NL\",\"@id\":\"https:\/\/st-feuillien.com\/nl\/#\/schema\/logo\/image\/\",\"url\":\"https:\/\/st-feuillien.com\/app\/uploads\/2023\/01\/Logo-st-feuillien-1.svg\",\"contentUrl\":\"https:\/\/st-feuillien.com\/app\/uploads\/2023\/01\/Logo-st-feuillien-1.svg\",\"width\":165,\"height\":122,\"caption\":\"St Feuillien\"},\"image\":{\"@id\":\"https:\/\/st-feuillien.com\/nl\/#\/schema\/logo\/image\/\"},\"sameAs\":[\"https:\/\/www.facebook.com\/stfeuillien\"]},{\"@type\":\"Person\",\"@id\":\"https:\/\/st-feuillien.com\/nl\/#\/schema\/person\/cb18678d9bd31ed1283b64ceccabe9c8\",\"name\":\"Stephanie Poup\u00e9\",\"image\":{\"@type\":\"ImageObject\",\"inLanguage\":\"nl-NL\",\"@id\":\"https:\/\/st-feuillien.com\/nl\/#\/schema\/person\/image\/\",\"url\":\"https:\/\/secure.gravatar.com\/avatar\/6754ba7a0858a9dbf42668bdd0eedb93dc77880948281b9ed29b5d75bfee9672?s=96&d=mm&r=g\",\"contentUrl\":\"https:\/\/secure.gravatar.com\/avatar\/6754ba7a0858a9dbf42668bdd0eedb93dc77880948281b9ed29b5d75bfee9672?s=96&d=mm&r=g\",\"caption\":\"Stephanie Poup\u00e9\"},\"url\":\"https:\/\/st-feuillien.com\/nl\/author\/stephanie\/\"}]}<\/script>\n<!-- \/ Yoast SEO plugin. -->","yoast_head_json":{"title":"900 jaar Abdij Saint-Feuillien: een historisch feest in het hart van Le Roeulx - Brasserie St-Feuillien","description":"In 2025 viert Brasserie St-Feuillien de 900ste verjaardag van de Abdij van Saint-Feuillien, een emblematische plek die sinds haar oprichting in 1125 een belangrijke rol speelt in de religieuze, culturele en historische ontwikkeling van Le Roeulx. Dit unieke jubileum wordt het hele jaar door gevierd met een reeks evenementen en de lancering van een exclusieve jubileumbier.","robots":{"index":"index","follow":"follow","max-snippet":"max-snippet:-1","max-image-preview":"max-image-preview:large","max-video-preview":"max-video-preview:-1"},"canonical":"https:\/\/st-feuillien.com\/nl\/900-ans-abdij-saint-feuillien\/","og_locale":"nl_NL","og_type":"article","og_title":"900 jaar Abdij Saint-Feuillien: een historisch feest in het hart van Le Roeulx - Brasserie St-Feuillien","og_description":"In 2025 viert Brasserie St-Feuillien de 900ste verjaardag van de Abdij van Saint-Feuillien, een emblematische plek die sinds haar oprichting in 1125 een belangrijke rol speelt in de religieuze, culturele en historische ontwikkeling van Le Roeulx. Dit unieke jubileum wordt het hele jaar door gevierd met een reeks evenementen en de lancering van een exclusieve jubileumbier.","og_url":"https:\/\/st-feuillien.com\/nl\/900-ans-abdij-saint-feuillien\/","og_site_name":"Brasserie St-Feuillien","article_publisher":"https:\/\/www.facebook.com\/stfeuillien","article_published_time":"2025-04-14T08:38:51+00:00","article_modified_time":"2025-04-16T12:58:09+00:00","og_image":[{"width":1800,"height":1200,"url":"https:\/\/st-feuillien.com\/app\/uploads\/2025\/04\/FB-clifflucasphoto-20250329-109.jpg","type":"image\/jpeg"}],"author":"Stephanie Poup\u00e9","twitter_card":"summary_large_image","twitter_misc":{"Written by":"Stephanie Poup\u00e9","Est. reading time":"4 minutes"},"schema":{"@context":"https:\/\/schema.org","@graph":[{"@type":"Article","@id":"https:\/\/st-feuillien.com\/nl\/900-ans-abdij-saint-feuillien\/#article","isPartOf":{"@id":"https:\/\/st-feuillien.com\/nl\/900-ans-abdij-saint-feuillien\/"},"author":{"name":"Stephanie Poup\u00e9","@id":"https:\/\/st-feuillien.com\/nl\/#\/schema\/person\/cb18678d9bd31ed1283b64ceccabe9c8"},"headline":"900 jaar Abdij Saint-Feuillien: een historisch feest in het hart van Le Roeulx","datePublished":"2025-04-14T08:38:51+00:00","dateModified":"2025-04-16T12:58:09+00:00","mainEntityOfPage":{"@id":"https:\/\/st-feuillien.com\/nl\/900-ans-abdij-saint-feuillien\/"},"wordCount":12,"publisher":{"@id":"https:\/\/st-feuillien.com\/nl\/#organization"},"image":{"@id":"https:\/\/st-feuillien.com\/nl\/900-ans-abdij-saint-feuillien\/#primaryimage"},"thumbnailUrl":"https:\/\/st-feuillien.com\/app\/uploads\/2025\/04\/FB-clifflucasphoto-20250329-109.jpg","articleSection":["Evenement"],"inLanguage":"nl-NL"},{"@type":"WebPage","@id":"https:\/\/st-feuillien.com\/nl\/900-ans-abdij-saint-feuillien\/","url":"https:\/\/st-feuillien.com\/nl\/900-ans-abdij-saint-feuillien\/","name":"900 jaar Abdij Saint-Feuillien: een historisch feest in het hart van Le Roeulx - Brasserie St-Feuillien","isPartOf":{"@id":"https:\/\/st-feuillien.com\/nl\/#website"},"primaryImageOfPage":{"@id":"https:\/\/st-feuillien.com\/nl\/900-ans-abdij-saint-feuillien\/#primaryimage"},"image":{"@id":"https:\/\/st-feuillien.com\/nl\/900-ans-abdij-saint-feuillien\/#primaryimage"},"thumbnailUrl":"https:\/\/st-feuillien.com\/app\/uploads\/2025\/04\/FB-clifflucasphoto-20250329-109.jpg","datePublished":"2025-04-14T08:38:51+00:00","dateModified":"2025-04-16T12:58:09+00:00","description":"In 2025 viert Brasserie St-Feuillien de 900ste verjaardag van de Abdij van Saint-Feuillien, een emblematische plek die sinds haar oprichting in 1125 een belangrijke rol speelt in de religieuze, culturele en historische ontwikkeling van Le Roeulx. Dit unieke jubileum wordt het hele jaar door gevierd met een reeks evenementen en de lancering van een exclusieve jubileumbier.","breadcrumb":{"@id":"https:\/\/st-feuillien.com\/nl\/900-ans-abdij-saint-feuillien\/#breadcrumb"},"inLanguage":"nl-NL","potentialAction":[{"@type":"ReadAction","target":["https:\/\/st-feuillien.com\/nl\/900-ans-abdij-saint-feuillien\/"]}]},{"@type":"ImageObject","inLanguage":"nl-NL","@id":"https:\/\/st-feuillien.com\/nl\/900-ans-abdij-saint-feuillien\/#primaryimage","url":"https:\/\/st-feuillien.com\/app\/uploads\/2025\/04\/FB-clifflucasphoto-20250329-109.jpg","contentUrl":"https:\/\/st-feuillien.com\/app\/uploads\/2025\/04\/FB-clifflucasphoto-20250329-109.jpg","width":1800,"height":1200},{"@type":"BreadcrumbList","@id":"https:\/\/st-feuillien.com\/nl\/900-ans-abdij-saint-feuillien\/#breadcrumb","itemListElement":[{"@type":"ListItem","position":1,"name":"","item":"https:\/\/st-feuillien.com\/nl\/"},{"@type":"ListItem","position":2,"name":"900 jaar Abdij Saint-Feuillien: een historisch feest in het hart van Le Roeulx"}]},{"@type":"WebSite","@id":"https:\/\/st-feuillien.com\/nl\/#website","url":"https:\/\/st-feuillien.com\/nl\/","name":"Brasserie St-Feuillien","description":"La Brasserie St. Feuillien est une brasserie belge au Roeulx, en Belgique, qui a \u00e9t\u00e9 fond\u00e9e en 1873. La brasserie, qui fabrique de la bi\u00e8re de style abbaye, a \u00e9t\u00e9 exploit\u00e9e par la famille Friart tout ce temps","publisher":{"@id":"https:\/\/st-feuillien.com\/nl\/#organization"},"potentialAction":[{"@type":"SearchAction","target":{"@type":"EntryPoint","urlTemplate":"https:\/\/st-feuillien.com\/nl\/?s={search_term_string}"},"query-input":{"@type":"PropertyValueSpecification","valueRequired":true,"valueName":"search_term_string"}}],"inLanguage":"nl-NL"},{"@type":"Organization","@id":"https:\/\/st-feuillien.com\/nl\/#organization","name":"St Feuillien","url":"https:\/\/st-feuillien.com\/nl\/","logo":{"@type":"ImageObject","inLanguage":"nl-NL","@id":"https:\/\/st-feuillien.com\/nl\/#\/schema\/logo\/image\/","url":"https:\/\/st-feuillien.com\/app\/uploads\/2023\/01\/Logo-st-feuillien-1.svg","contentUrl":"https:\/\/st-feuillien.com\/app\/uploads\/2023\/01\/Logo-st-feuillien-1.svg","width":165,"height":122,"caption":"St Feuillien"},"image":{"@id":"https:\/\/st-feuillien.com\/nl\/#\/schema\/logo\/image\/"},"sameAs":["https:\/\/www.facebook.com\/stfeuillien"]},{"@type":"Person","@id":"https:\/\/st-feuillien.com\/nl\/#\/schema\/person\/cb18678d9bd31ed1283b64ceccabe9c8","name":"Stephanie Poup\u00e9","image":{"@type":"ImageObject","inLanguage":"nl-NL","@id":"https:\/\/st-feuillien.com\/nl\/#\/schema\/person\/image\/","url":"https:\/\/secure.gravatar.com\/avatar\/6754ba7a0858a9dbf42668bdd0eedb93dc77880948281b9ed29b5d75bfee9672?s=96&d=mm&r=g","contentUrl":"https:\/\/secure.gravatar.com\/avatar\/6754ba7a0858a9dbf42668bdd0eedb93dc77880948281b9ed29b5d75bfee9672?s=96&d=mm&r=g","caption":"Stephanie Poup\u00e9"},"url":"https:\/\/st-feuillien.com\/nl\/author\/stephanie\/"}]}},"_links":{"self":[{"href":"https:\/\/st-feuillien.com\/nl\/wp-json\/wp\/v2\/posts\/11038","targetHints":{"allow":["GET"]}}],"collection":[{"href":"https:\/\/st-feuillien.com\/nl\/wp-json\/wp\/v2\/posts"}],"about":[{"href":"https:\/\/st-feuillien.com\/nl\/wp-json\/wp\/v2\/types\/post"}],"author":[{"embeddable":true,"href":"https:\/\/st-feuillien.com\/nl\/wp-json\/wp\/v2\/users\/2"}],"replies":[{"embeddable":true,"href":"https:\/\/st-feuillien.com\/nl\/wp-json\/wp\/v2\/comments?post=11038"}],"version-history":[{"count":0,"href":"https:\/\/st-feuillien.com\/nl\/wp-json\/wp\/v2\/posts\/11038\/revisions"}],"wp:featuredmedia":[{"embeddable":true,"href":"https:\/\/st-feuillien.com\/nl\/wp-json\/wp\/v2\/media\/11031"}],"wp:attachment":[{"href":"https:\/\/st-feuillien.com\/nl\/wp-json\/wp\/v2\/media?parent=11038"}],"wp:term":[{"taxonomy":"category","embeddable":true,"href":"https:\/\/st-feuillien.com\/nl\/wp-json\/wp\/v2\/categories?post=11038"},{"taxonomy":"post_tag","embeddable":true,"href":"https:\/\/st-feuillien.com\/nl\/wp-json\/wp\/v2\/tags?post=11038"}],"curies":[{"name":"wp","href":"https:\/\/api.w.org\/{rel}","templated":true}]}}